{"id":188,"date":"2021-02-15T12:54:10","date_gmt":"2021-02-15T12:54:10","guid":{"rendered":"https:\/\/associazionegalileo.org\/base\/?p=188"},"modified":"2021-11-03T21:24:55","modified_gmt":"2021-11-03T21:24:55","slug":"la-metodologia-dei-nostri-corsi-blec-model","status":"publish","type":"post","link":"https:\/\/associazionegalileo.org\/base\/la-metodologia-dei-nostri-corsi-blec-model\/","title":{"rendered":"La metodologia dei nostri corsi-BLEC model"},"content":{"rendered":"\n<figure class=\"wp-block-image size-large is-style-default\"><img loading=\"lazy\" decoding=\"async\" width=\"1024\" height=\"576\" src=\"https:\/\/associazionegalileo.org\/base\/wp-content\/uploads\/2021\/02\/89-4-1024x576.jpg\" alt=\"\" class=\"wp-image-283\" srcset=\"https:\/\/associazionegalileo.org\/base\/wp-content\/uploads\/2021\/02\/89-4-1024x576.jpg 1024w, https:\/\/associazionegalileo.org\/base\/wp-content\/uploads\/2021\/02\/89-4-300x169.jpg 300w, https:\/\/associazionegalileo.org\/base\/wp-content\/uploads\/2021\/02\/89-4-768x432.jpg 768w, https:\/\/associazionegalileo.org\/base\/wp-content\/uploads\/2021\/02\/89-4-570x321.jpg 570w, https:\/\/associazionegalileo.org\/base\/wp-content\/uploads\/2021\/02\/89-4-1110x624.jpg 1110w, https:\/\/associazionegalileo.org\/base\/wp-content\/uploads\/2021\/02\/89-4-528x297.jpg 528w, https:\/\/associazionegalileo.org\/base\/wp-content\/uploads\/2021\/02\/89-4.jpg 1323w\" sizes=\"auto, (max-width: 1024px) 100vw, 1024px\" \/><\/figure>\n\n\n\n<p>da&nbsp;<a href=\"https:\/\/associazionegalileo.org\/asso\/index.php\/author\/umberto\/\">Umberto Bertolini<\/a>|Pubblicato&nbsp;<a href=\"https:\/\/associazionegalileo.org\/asso\/index.php\/2020\/10\/16\/\"><time datetime=\"Ottobre 16, 2020\">Ottobre 16, 2020<\/time><\/a><\/p>\n\n\n\n<p>Il nostro percorso di base utilizza la metodologia che abbiamo messo a punto in questi anni e corrisponde in gran parte a quella definita&nbsp;<strong>BLEC MODEL<\/strong>&nbsp;con l\u2019aggiunta di&nbsp;<strong>AG<\/strong>&nbsp;(Associazione Galileo) per indicare che abbiamo dei punti specifici, nostri.<\/p>\n\n\n\n<p>In pratica abbiamo le attivit\u00e0 tipiche del BLended e cio\u00e8 un mix fra presenza e on line (un incontro iniziale di inquadramento generale, uno-due incontri operativi sullo specifico del corso, un incontro finale di socializzazione dei risultati), delle E-tivity attivit\u00e0 sulla piattaforma e il sostegno di veri e propri Coach, le nostre tutor che hanno competenze specifiche sul tema e quindi possono consigliare a distanza attivit\u00e0, metodologie e quanto possa servire. A questo modello noi abbiamo aggiunto le attivit\u00e0 in classe del tipo ricerca azione. Il docente che vuol formarsi legge, ascolta, studia parte del maetriale on line, sceglie una tipologia di intervento in classe, lo sperimenta e documenta nella piattaforma l\u2019attivit\u00e0&nbsp;completa di riflessione personale e di discussione con gli altri corsisti.<\/p>\n\n\n\n<p>Le proposte di formazione della nostra Associazione riguardano la formazione delle competenze di base per la professionalit\u00e0 docente, ben inseribili nei vari piani di miglioramento delle istituzioni scolastiche, nei progetti di formazione di ambito e negli obbiettivi indicati dal ministero.<\/p>\n\n\n\n<p>Si lavora a migliorare e\/o a formare le seguenti&nbsp;<strong>competenze professionali:<\/strong><em>&nbsp; &nbsp; <\/em><\/p>\n\n\n\n<p><em>\u2022 attenzione alla costruzione del buon s\u00e9 di ciascun alunno&nbsp; &nbsp;<\/em><\/p>\n\n\n\n<p><em> \u2022 attenzione alla costruzione di un buon altri di ciascun alunno&nbsp; &nbsp; <\/em><\/p>\n\n\n\n<p><em>\u2022 attenzione alla costruzione di una solida relazione alunno-docente&nbsp;&nbsp; &nbsp; <\/em><\/p>\n\n\n\n<p><em>\u2022 attenzione alla valutazione formativa di ciascun alunno&nbsp;&nbsp; &nbsp; <\/em><\/p>\n\n\n\n<p><em>\u2022 conoscenza delle caratteristiche dell\u2019apprendimento nell\u2019et\u00e0 evolutiva e delle metodologie didattiche corrispondenti.&nbsp; &nbsp; <\/em><\/p>\n\n\n\n<p><em>\u2022 costruzione solida delle competenze tecniche di base della lettura scrittura e calcolo&nbsp; &nbsp; <\/em><\/p>\n\n\n\n<p><em>\u2022 costruzione della logica per gli apprendimenti in tutte le discipline&nbsp; &nbsp; <\/em><\/p>\n\n\n\n<p><em>\u2022 uso di una metodologia inclusiva attraverso strumenti come i \u201ccurricula\u201d e i \u201cprofili\u201d&nbsp; &nbsp; <\/em><\/p>\n\n\n\n<p><em>\u2022 uso delle tecnologie multimediali e informatiche per una didattica efficace<\/em>&nbsp;<\/p>\n\n\n\n<p>Ci si muove all\u2019interno delle seguenti<strong>&nbsp;aree prioritarie<\/strong>&nbsp;indicate dal Ministero<em>&nbsp; &nbsp; <\/em><\/p>\n\n\n\n<p><em>\u2022 autonomia organizzativa e didattica&nbsp; &nbsp; <\/em><\/p>\n\n\n\n<p><em>\u2022 didattica per competenze e innovazione metodologica&nbsp; &nbsp; <\/em><\/p>\n\n\n\n<p><em>\u2022 inclusione e disabilit\u00e0&nbsp; &nbsp; <\/em><\/p>\n\n\n\n<p><em>\u2022 competenze digitali e nuovi ambienti per l\u2019apprendimento<\/em><\/p>\n\n\n\n<p><strong>Si attestano attivit\u00e0<\/strong>, nei percorsi formativi, miranti a costruire competenze dei docenti suddivise al momento nelle seguenti aree sulla base di quelle predisposte da Indire:<em>&nbsp; &nbsp; <\/em><\/p>\n\n\n\n<p><em>\u2022 area delle competenze relative all\u2019insegnamento (didattica)&nbsp; &nbsp; <\/em><\/p>\n\n\n\n<p><em>\u2022 area delle competenze relative alla partecipazione scolastica (organizzazione)<\/em><\/p>\n\n\n\n<p><em>\u2022 area delle competenze relative alla propria formazione (professionalit\u00e0).<\/em>&nbsp;<\/p>\n\n\n\n<p>Ciascuna UF prevede degli&nbsp;<strong>incontri in presenza<\/strong>, l\u2019utilizzo della nostra piattaforma per le&nbsp;<strong>attivit\u00e0 on line<\/strong>,&nbsp;<strong>attivit\u00e0 in classe<\/strong>&nbsp;o sezione; in questo modo \u00e8 possibile garantire il monitoraggio attraverso:<em>&nbsp; &nbsp; <\/em><\/p>\n\n\n\n<p><em>\u2022 Questionari personali on line&nbsp; &nbsp; <\/em><\/p>\n\n\n\n<p><em>\u2022 Tracciamento delle attivit\u00e0 con elaborazione dati partecipazione&nbsp; &nbsp; <\/em><\/p>\n\n\n\n<p><em>\u2022 Controllo svolgimento delle attivit\u00e0 previste<\/em>&nbsp;<\/p>\n\n\n\n<p>Cos\u00ec<strong>&nbsp;\u00e8 possibile valutare<\/strong>&nbsp;il processo attraverso:<em>&nbsp; &nbsp; <\/em><\/p>\n\n\n\n<p><em>\u2022 Questionario iniziale&nbsp; &nbsp; <\/em><\/p>\n\n\n\n<p><em>\u2022 Relazione finale&nbsp; &nbsp; <\/em><\/p>\n\n\n\n<p><em>\u2022 Interventi nei forum, annotazioni diario di bordo, documentazione attivit\u00e0<\/em>&nbsp;<\/p>\n\n\n\n<p>In sintesi la metodologia&nbsp; formativa (<strong>Modalit\u00e0 BLEC MODEL AG<\/strong>) \u00e8 costituita da:<em>&nbsp; &nbsp; <\/em><\/p>\n\n\n\n<p><em>\u2022 Incontri in presenza o webinar (1\/3)&nbsp; &nbsp; <\/em><\/p>\n\n\n\n<p><em>\u2022 Attivit\u00e0 di studio e discussione on line&nbsp; &nbsp; <\/em><\/p>\n\n\n\n<p><em>\u2022 Ricerca azione in classe\/sezione&nbsp;&nbsp; &nbsp; <\/em><\/p>\n\n\n\n<p><em>\u2022 Documentazione dell\u2019attivit\u00e0 svolta in sezione\/classe<\/em>&nbsp;<\/p>\n\n\n\n<p>C\u2019\u00e8, inoltre, un&nbsp;<em>ritorno alla collettivit\u00e0 scolastica<\/em>&nbsp;per nuovi materiali didattici messi a disposizione e creati nel corso delle attivit\u00e0 e socializzati in apposito spazio on line gratuitamente messo a disposizione.&nbsp;Nelle attivit\u00e0 previste si identificano le competenze professionali messe in gioco e al termine \u00e8 possibile attestarle (non come conseguite ma come esercitate)<em>. <\/em><\/p>\n\n\n\n<p><em>A questo scopo abbiamo redatto un quadro di competenze per ciascuna delle aree della professionalit\u00e0 utilizzando quello predisposto da Indire per i docenti neoassunti.<\/em><\/p>\n\n\n\n<ul class=\"wp-block-list\"><li>AREA DELLE COMPETENZE RELATIVE ALL\u2019INSEGNAMENTO (Didattica)<\/li><\/ul>\n\n\n\n<ol class=\"wp-block-list\"><li><em>b) Osservare e valutare gli allievi secondo un approccio formativo:<\/em><\/li><\/ol>\n\n\n\n<ul class=\"wp-block-list\"><li>13.Acquisire una visione longitudinale degli obiettivi dell\u2019insegnamento (curricolo verticale)<\/li><li>14.Rendere visibili agli occhi degli allievi i loro avanzamenti rispetto all\u2019obiettivo prestabilito attraverso un feedback progressivo<\/li><li>15.Utilizzare diverse tecniche e strumenti per la valutazione formativa<\/li><li>18.Lavorare partendo dalle conoscenze degli allievi. Rilevare le conoscenze esistenti e i legami Ac18<\/li><\/ul>\n\n\n\n<p>AREA DELLE COMPETENZE RELATIVE ALLA PARTECIPAZIONE SCOLASTICA (Organizzazione)<\/p>\n\n\n\n<ol class=\"wp-block-list\"><li><em>d) Lavorare in gruppo tra insegnanti<\/em><\/li><\/ol>\n\n\n\n<ul class=\"wp-block-list\"><li>25.Partecipare a gruppi di lavoro tra insegnanti, condurre riunioni, fare sintesi<\/li><\/ul>\n\n\n\n<p>AREA DELLE COMPETENZE RELATIVE ALLA PROPRIA FORMAZIONE (Professionalit\u00e0)<\/p>\n\n\n\n<ol class=\"wp-block-list\"><li><em>h) Servirsi delle nuove tecnologie per le attivit\u00e0 progettuali, organizzative e formative:<\/em><\/li><\/ol>\n\n\n\n<ul class=\"wp-block-list\"><li>43.Utilizzare le tecnologie per costruire reti e scambi con altri colleghi anche nell\u2019ottica di una formazione continua:<\/li><\/ul>\n\n\n\n<ul class=\"wp-block-list\"><li>Utilizzare correttamente la piattaforma<\/li><li>Produrre documentazione digitali<\/li><li>Trasferire documenti sulla piattaforma<\/li><\/ul>\n\n\n\n<ol class=\"wp-block-list\"><li><em>i) Curare la propria formazione continua:<\/em><\/li><\/ol>\n\n\n\n<ul class=\"wp-block-list\"><li>45. Documentare la propria pratica didattica:<\/li><\/ul>\n\n\n\n<ul class=\"wp-block-list\"><li><em>Relazionare sulle proprie esperienze didattiche<\/em><\/li><li><em>Documentare le proprie esperienze didattiche<\/em><\/li><li>50.Utilizzare i risultati della ricerca per innovare le proprie pratiche didattiche<\/li><\/ul>\n\n\n\n<p><\/p>\n\n\n\n<p><\/p>\n","protected":false},"excerpt":{"rendered":"<p>attivit\u00e0 tipiche del BLended e cio\u00e8 un mix fra presenza e on line <\/p>\n","protected":false},"author":1,"featured_media":0,"comment_status":"open","ping_status":"open","sticky":false,"template":"","format":"standard","meta":{"footnotes":""},"categories":[8],"tags":[],"class_list":{"0":"post-188","1":"post","2":"type-post","3":"status-publish","4":"format-standard","6":"category-corsi-di-formazione-2023-24","7":"czr-hentry"},"_links":{"self":[{"href":"https:\/\/associazionegalileo.org\/base\/wp-json\/wp\/v2\/posts\/188","targetHints":{"allow":["GET"]}}],"collection":[{"href":"https:\/\/associazionegalileo.org\/base\/wp-json\/wp\/v2\/posts"}],"about":[{"href":"https:\/\/associazionegalileo.org\/base\/wp-json\/wp\/v2\/types\/post"}],"author":[{"embeddable":true,"href":"https:\/\/associazionegalileo.org\/base\/wp-json\/wp\/v2\/users\/1"}],"replies":[{"embeddable":true,"href":"https:\/\/associazionegalileo.org\/base\/wp-json\/wp\/v2\/comments?post=188"}],"version-history":[{"count":14,"href":"https:\/\/associazionegalileo.org\/base\/wp-json\/wp\/v2\/posts\/188\/revisions"}],"predecessor-version":[{"id":566,"href":"https:\/\/associazionegalileo.org\/base\/wp-json\/wp\/v2\/posts\/188\/revisions\/566"}],"wp:attachment":[{"href":"https:\/\/associazionegalileo.org\/base\/wp-json\/wp\/v2\/media?parent=188"}],"wp:term":[{"taxonomy":"category","embeddable":true,"href":"https:\/\/associazionegalileo.org\/base\/wp-json\/wp\/v2\/categories?post=188"},{"taxonomy":"post_tag","embeddable":true,"href":"https:\/\/associazionegalileo.org\/base\/wp-json\/wp\/v2\/tags?post=188"}],"curies":[{"name":"wp","href":"https:\/\/api.w.org\/{rel}","templated":true}]}}